{"id":549,"date":"2016-07-07T07:12:19","date_gmt":"2016-07-07T07:12:19","guid":{"rendered":"http:\/\/evamarcuschamer.wsisites.net\/?p=549"},"modified":"2018-06-13T07:14:07","modified_gmt":"2018-06-13T07:14:07","slug":"y-los-lectores-me-preguntan","status":"publish","type":"post","link":"https:\/\/www.evamarcuschamer.com\/es\/y-los-lectores-me-preguntan\/","title":{"rendered":"Y los lectores me preguntan"},"content":{"rendered":"<p>Quiero agradecer a quienes me leen y aclarar que lo que escribo en mi blog son algunas ideas tomadas de investigaciones te\u00f3ricas m\u00e1s profundas, realizadas por su servidora anteriormente. He intentado ser breve, pero eso siempre conlleva el riesgo de dejar importantes asuntos fuera y ser mal interpretada. Afortunadamente para m\u00ed, hay algunos de ustedes que se toman la molestia y el tiempo de preguntarme algunas de sus dudas y eso, me enriquece profundamente. Pues soy una convencida de que las preguntas abren un espacio al conocimiento.<br \/>\n<br \/>\nLo que escrib\u00ed sobre el divorcio trajo algunas reacciones que me parece importante compartir con ustedes.<br \/>\n<br \/>\nLos padres, son figuras de identificaci\u00f3n siempre. Con qu\u00e9 aspectos del otro nos identificamos, tiene que ver con factores que no se pueden determinar f\u00e1cilmente. Por ello, quiz\u00e1, hermanos con los mismos padres, genes, circunstancias ambientales parecidas, son distintos. Pues hay elementos inconscientes que son parte central de toda identificaci\u00f3n. Esto quiere decir que, si nuestros padres se divorciaron nos vamos a divorciar? No lo creo as\u00ed, primero porque las identificaciones al ser en gran parte inconscientes, no son lineales. Adem\u00e1s, no s\u00f3lo los padres son figuras de identificaci\u00f3n, otros objetos est\u00e1n presentes en la vida de los ni\u00f1os adem\u00e1s de los padres y, por si esto no fuera suficiente, cada persona trae consigo algo \u00fanico y desconocido que podr\u00edamos llamar aparato mental con el que interpreta los est\u00edmulos provenientes del exterior (en forma de caricias, palabras, experiencias, etc\u00e9tera) Y, por si fuera poco, tambi\u00e9n est\u00e1 el aspecto consciente de \u201cno quererse parecer a los padres\u201d que tiene que ser abordado. Pienso que est\u00e1 tan compleja tarea, necesita abordarse desde la pregunta en que me parezco a ellos y de ah\u00ed la reflexi\u00f3n. Para lograrlo, necesitamos, la mayor\u00eda de las veces de un profesional que nos ayude a ver los aspectos inconscientes de las identificaciones y tambi\u00e9n de un trabajo exhaustivo de auto observaci\u00f3n. Es un trabajo que nos puede llevar a aprender de la experiencia y tratar de no repetir nuestra historia de amor (como dir\u00eda Julia Kristeva). Como padres, que nos corresponde hacer? Lo mejor que podemos con los recursos que tenemos y pensar que nuestros hijos cuando lleguen a ser adultos tendr\u00e1n la tarea de continuar con su propio trabajo de auto conocimiento y cambio. Los dejo por ahora con esta reflexi\u00f3n y de nuevo, gracias por leerme.<\/p>\n","protected":false},"excerpt":{"rendered":"<p>Quiero agradecer a quienes me leen y aclarar que lo que escribo en mi blog son algunas ideas tomadas de investigaciones te\u00f3ricas m\u00e1s profundas, realizadas por su servidora anteriormente. He intentado ser breve, pero eso siempre conlleva el riesgo de dejar importantes asuntos fuera y ser mal interpretada. Afortunadamente para m\u00ed, hay algunos de ustedes [&hellip;]<\/p>\n","protected":false},"author":1,"featured_media":0,"comment_status":"open","ping_status":"closed","sticky":false,"template":"","format":"standard","meta":{"_acf_changed":false,"_glsr_average":0,"_glsr_ranking":0,"_glsr_reviews":0,"footnotes":""},"categories":[11],"tags":[],"class_list":{"0":"post-549","1":"post","2":"type-post","3":"status-publish","4":"format-standard","6":"category-blog-es","7":"entry"},"acf":[],"_links":{"self":[{"href":"https:\/\/www.evamarcuschamer.com\/es\/wp-json\/wp\/v2\/posts\/549","targetHints":{"allow":["GET"]}}],"collection":[{"href":"https:\/\/www.evamarcuschamer.com\/es\/wp-json\/wp\/v2\/posts"}],"about":[{"href":"https:\/\/www.evamarcuschamer.com\/es\/wp-json\/wp\/v2\/types\/post"}],"author":[{"embeddable":true,"href":"https:\/\/www.evamarcuschamer.com\/es\/wp-json\/wp\/v2\/users\/1"}],"replies":[{"embeddable":true,"href":"https:\/\/www.evamarcuschamer.com\/es\/wp-json\/wp\/v2\/comments?post=549"}],"version-history":[{"count":1,"href":"https:\/\/www.evamarcuschamer.com\/es\/wp-json\/wp\/v2\/posts\/549\/revisions"}],"predecessor-version":[{"id":550,"href":"https:\/\/www.evamarcuschamer.com\/es\/wp-json\/wp\/v2\/posts\/549\/revisions\/550"}],"wp:attachment":[{"href":"https:\/\/www.evamarcuschamer.com\/es\/wp-json\/wp\/v2\/media?parent=549"}],"wp:term":[{"taxonomy":"category","embeddable":true,"href":"https:\/\/www.evamarcuschamer.com\/es\/wp-json\/wp\/v2\/categories?post=549"},{"taxonomy":"post_tag","embeddable":true,"href":"https:\/\/www.evamarcuschamer.com\/es\/wp-json\/wp\/v2\/tags?post=549"}],"curies":[{"name":"wp","href":"https:\/\/api.w.org\/{rel}","templated":true}]}}