{"id":551,"date":"2016-07-04T07:14:38","date_gmt":"2016-07-04T07:14:38","guid":{"rendered":"http:\/\/evamarcuschamer.wsisites.net\/?p=551"},"modified":"2018-06-13T07:15:55","modified_gmt":"2018-06-13T07:15:55","slug":"algunas-consecuencias-del-divorcio-o-la-separacion","status":"publish","type":"post","link":"https:\/\/www.evamarcuschamer.com\/es\/algunas-consecuencias-del-divorcio-o-la-separacion\/","title":{"rendered":"Algunas consecuencias del divorcio o la separaci\u00f3n"},"content":{"rendered":"<p>Los hijos de la separaci\u00f3n resienten una doble perdida: la de la estructura familiar y la del padre que se va de la casa. Ante ello pueden sentir que su mundo de seguridad y protecci\u00f3n se ha destruido. Algunos investigadores coinciden al afirmar que el fin del matrimonio es una de las transiciones m\u00e1s importantes de la vida de los hijos pues conlleva la p\u00e9rdida de compartir m\u00e1s tiempo con el padre que ha dejado el hogar familiar. Adem\u00e1s, los hijos sienten que el padre que se queda en casa est\u00e1 muy preocupado ante la nueva situaci\u00f3n, por lo que tambi\u00e9n sienten que a \u00e9l lo han perdido.<br \/>\n<br \/>\nEs frecuente que la pareja se pregunte antes de separarse que es mejor para los hijos: el divorcio o vivir con padres en permanente conflicto. El riesgo de que los problemas emocionales se presenten en los hijos es el mismo en ambas situaciones, lo que incide en el impacto emocional es la duraci\u00f3n del conflicto interparental previo, la actitud de la madre frente al divorcio y el grado de violencia de la separaci\u00f3n. Hay quienes afirman que los problemas emocionales de los hijos del divorcio tienen relaci\u00f3n con la percepci\u00f3n que poseen de sus padres, con el grado de interacci\u00f3n que sostienen con el padre que se va de la casa familiar y con las dificultades econ\u00f3micas posteriores al divorcio. La manera en que cada ni\u00f1o vive el divorcio de sus padres y la cualidad de la relaci\u00f3n de la madre con sus hijos, son elementos m\u00e1s significativos para conocer los da\u00f1os en el desarrollo del ni\u00f1o, que la sola ausencia del padre. <\/p>\n","protected":false},"excerpt":{"rendered":"<p>Los hijos de la separaci\u00f3n resienten una doble perdida: la de la estructura familiar y la del padre que se va de la casa. Ante ello pueden sentir que su mundo de seguridad y protecci\u00f3n se ha destruido. Algunos investigadores coinciden al afirmar que el fin del matrimonio es una de las transiciones m\u00e1s importantes [&hellip;]<\/p>\n","protected":false},"author":1,"featured_media":0,"comment_status":"open","ping_status":"closed","sticky":false,"template":"","format":"standard","meta":{"_acf_changed":false,"_glsr_average":0,"_glsr_ranking":0,"_glsr_reviews":0,"footnotes":""},"categories":[11],"tags":[],"class_list":{"0":"post-551","1":"post","2":"type-post","3":"status-publish","4":"format-standard","6":"category-blog-es","7":"entry"},"acf":[],"_links":{"self":[{"href":"https:\/\/www.evamarcuschamer.com\/es\/wp-json\/wp\/v2\/posts\/551","targetHints":{"allow":["GET"]}}],"collection":[{"href":"https:\/\/www.evamarcuschamer.com\/es\/wp-json\/wp\/v2\/posts"}],"about":[{"href":"https:\/\/www.evamarcuschamer.com\/es\/wp-json\/wp\/v2\/types\/post"}],"author":[{"embeddable":true,"href":"https:\/\/www.evamarcuschamer.com\/es\/wp-json\/wp\/v2\/users\/1"}],"replies":[{"embeddable":true,"href":"https:\/\/www.evamarcuschamer.com\/es\/wp-json\/wp\/v2\/comments?post=551"}],"version-history":[{"count":1,"href":"https:\/\/www.evamarcuschamer.com\/es\/wp-json\/wp\/v2\/posts\/551\/revisions"}],"predecessor-version":[{"id":552,"href":"https:\/\/www.evamarcuschamer.com\/es\/wp-json\/wp\/v2\/posts\/551\/revisions\/552"}],"wp:attachment":[{"href":"https:\/\/www.evamarcuschamer.com\/es\/wp-json\/wp\/v2\/media?parent=551"}],"wp:term":[{"taxonomy":"category","embeddable":true,"href":"https:\/\/www.evamarcuschamer.com\/es\/wp-json\/wp\/v2\/categories?post=551"},{"taxonomy":"post_tag","embeddable":true,"href":"https:\/\/www.evamarcuschamer.com\/es\/wp-json\/wp\/v2\/tags?post=551"}],"curies":[{"name":"wp","href":"https:\/\/api.w.org\/{rel}","templated":true}]}}