{"id":553,"date":"2016-06-28T07:16:24","date_gmt":"2016-06-28T07:16:24","guid":{"rendered":"http:\/\/evamarcuschamer.wsisites.net\/?p=553"},"modified":"2018-06-13T07:17:42","modified_gmt":"2018-06-13T07:17:42","slug":"copiar-o-identificarnos","status":"publish","type":"post","link":"https:\/\/www.evamarcuschamer.com\/es\/copiar-o-identificarnos\/","title":{"rendered":"Copiar o Identificarnos\u2026"},"content":{"rendered":"<p>Querer ser como otra persona implica que el modelo es alguien trascendente para quien lo sigue. Hay autores que consideran que s\u00f3lo existe identificaci\u00f3n cuando el yo tiene cierto grado de desarrollo; la identificaci\u00f3n se deriva de la conducta imitativa que se manifiesta aproximadamente a los seis meses de edad. El lenguaje (hablado y gestual) es una de las primeras cosas que el ni\u00f1o adquiere mediante la imitaci\u00f3n. Piaget (1969) se\u00f1ala que al imitar al adulto, el mi\u00f1o confecciona su propio patr\u00f3n de conducta, lo que sienta las bases para el desarrollo ulterior de una identificaci\u00f3n. Son las formas de conducta imitativas las que dan pie al inicio de un proceso de identificaci\u00f3n. Imitar es entonces adquirir un modelo de conducta sin el v\u00ednculo emocional profundo con el objeto; puede ser precursor de la identificaci\u00f3n o ser un proceso independiente. El proceso de imitaci\u00f3n es muy diferente que el proceso de identificaci\u00f3n, a\u00fan cuando pueden ocurrir paralelamente y se pueden ir integrando progresivamente. Deutch (1965) dice que en las personalidades \u201ccomo si\u201d los procesos de identificaci\u00f3n fracasan y son reemplazados por patrones de conducta imitativa. Son individuos que carecen de originalidad en su actividad cotidiana y en sus v\u00ednculos objetables; carecen de subjetividad y de iniciativa propia, y en su vida existe un vac\u00edo emocional.<\/p>\n","protected":false},"excerpt":{"rendered":"<p>Querer ser como otra persona implica que el modelo es alguien trascendente para quien lo sigue. Hay autores que consideran que s\u00f3lo existe identificaci\u00f3n cuando el yo tiene cierto grado de desarrollo; la identificaci\u00f3n se deriva de la conducta imitativa que se manifiesta aproximadamente a los seis meses de edad. El lenguaje (hablado y gestual) [&hellip;]<\/p>\n","protected":false},"author":1,"featured_media":0,"comment_status":"open","ping_status":"closed","sticky":false,"template":"","format":"standard","meta":{"_acf_changed":false,"_glsr_average":0,"_glsr_ranking":0,"_glsr_reviews":0,"footnotes":""},"categories":[11],"tags":[],"class_list":{"0":"post-553","1":"post","2":"type-post","3":"status-publish","4":"format-standard","6":"category-blog-es","7":"entry"},"acf":[],"_links":{"self":[{"href":"https:\/\/www.evamarcuschamer.com\/es\/wp-json\/wp\/v2\/posts\/553","targetHints":{"allow":["GET"]}}],"collection":[{"href":"https:\/\/www.evamarcuschamer.com\/es\/wp-json\/wp\/v2\/posts"}],"about":[{"href":"https:\/\/www.evamarcuschamer.com\/es\/wp-json\/wp\/v2\/types\/post"}],"author":[{"embeddable":true,"href":"https:\/\/www.evamarcuschamer.com\/es\/wp-json\/wp\/v2\/users\/1"}],"replies":[{"embeddable":true,"href":"https:\/\/www.evamarcuschamer.com\/es\/wp-json\/wp\/v2\/comments?post=553"}],"version-history":[{"count":1,"href":"https:\/\/www.evamarcuschamer.com\/es\/wp-json\/wp\/v2\/posts\/553\/revisions"}],"predecessor-version":[{"id":554,"href":"https:\/\/www.evamarcuschamer.com\/es\/wp-json\/wp\/v2\/posts\/553\/revisions\/554"}],"wp:attachment":[{"href":"https:\/\/www.evamarcuschamer.com\/es\/wp-json\/wp\/v2\/media?parent=553"}],"wp:term":[{"taxonomy":"category","embeddable":true,"href":"https:\/\/www.evamarcuschamer.com\/es\/wp-json\/wp\/v2\/categories?post=553"},{"taxonomy":"post_tag","embeddable":true,"href":"https:\/\/www.evamarcuschamer.com\/es\/wp-json\/wp\/v2\/tags?post=553"}],"curies":[{"name":"wp","href":"https:\/\/api.w.org\/{rel}","templated":true}]}}