{"id":563,"date":"2016-05-25T07:25:48","date_gmt":"2016-05-25T07:25:48","guid":{"rendered":"http:\/\/evamarcuschamer.wsisites.net\/?p=563"},"modified":"2018-06-13T07:26:35","modified_gmt":"2018-06-13T07:26:35","slug":"el-rencor-y-las-relaciones-toxicas","status":"publish","type":"post","link":"https:\/\/www.evamarcuschamer.com\/es\/el-rencor-y-las-relaciones-toxicas\/","title":{"rendered":"El rencor y las relaciones \u201ctoxicas\u201d"},"content":{"rendered":"<p>Rencor es ver a la persona y recordar una diferencia de opini\u00f3n, un disgusto, un desencuentro, un viejo enojo, un antiguo dolor. Un dolor antiguo que se repite en el presente. La pregunta es, realmente es el otro el que nos lastim\u00f3?Realmente es el otro es el que nos hizo da\u00f1o? O tambi\u00e9n ser\u00e1 necesario preguntarnos: cu\u00e1l es la manera en que participamos en el desencuentro?<br \/>\nFrecuentemente olvidamos que las RELACIONES son de DOS. Cada uno tiene un 50% de participaci\u00f3n en el v\u00ednculo, en el di\u00e1logo, en el desencuentro. No hay tal cosa como \u201cme hizo\u201d. Los desencuentros nos llevan, en el mejor de los casos, a la reflexi\u00f3n. Por qu\u00e9 me enoje tanto? Que es lo que est\u00e1 persona despert\u00f3 en mi? De que manera contribu\u00ed yo en el desencuentro? Cu\u00e1l es mi 50% para que la relaci\u00f3n dejara de funcionar?<br \/>\nEs necesario el rencor? Me pregunto. Es cierto que hay personas que nos caen bien o nos caen mal, nos vibran bien o nos vibran mal. Es natural. Pero la pregunta es, puedo darle m\u00e1s oportunidades a la relaci\u00f3n o es necesario terminar con ella?<br \/>\nAhora est\u00e1 muy de moda el concepto de relaciones t\u00f3xicas. Se escucha frecuentemente: ya no me llevo con el\/ella porque es t\u00f3xica? Claro, en el mundo posmoderno, donde las diferencias resultan insoportables, las relaciones se vuelven desechables. Alguien hace lo que no nos gusta, con lo que no estamos de acuerdo, o peor a\u00fan, alguien est\u00e1 en crisis y\/o deprimido y se convierten en personas t\u00f3xicas. Se les borra de FB o de la vida. Creo que muchas veces olvidamos que existe el CAMBIO. S\u00ed, las personas cambian, se dan cuenta, se hacen conscientes de su enojo, de aspectos de su propia personalidad destructiva. Que por cierto, TODOS los seres humanos tenemos. Ser\u00e1 necesario tanto enojo? Ser\u00e1 necesario borrar a la gente de nuestras vidas? Me pregunto. <\/p>\n","protected":false},"excerpt":{"rendered":"<p>Rencor es ver a la persona y recordar una diferencia de opini\u00f3n, un disgusto, un desencuentro, un viejo enojo, un antiguo dolor. Un dolor antiguo que se repite en el presente. La pregunta es, realmente es el otro el que nos lastim\u00f3?Realmente es el otro es el que nos hizo da\u00f1o? O tambi\u00e9n ser\u00e1 necesario [&hellip;]<\/p>\n","protected":false},"author":1,"featured_media":0,"comment_status":"open","ping_status":"closed","sticky":false,"template":"","format":"standard","meta":{"_acf_changed":false,"_glsr_average":0,"_glsr_ranking":0,"_glsr_reviews":0,"footnotes":""},"categories":[11],"tags":[],"class_list":{"0":"post-563","1":"post","2":"type-post","3":"status-publish","4":"format-standard","6":"category-blog-es","7":"entry"},"acf":[],"_links":{"self":[{"href":"https:\/\/www.evamarcuschamer.com\/es\/wp-json\/wp\/v2\/posts\/563","targetHints":{"allow":["GET"]}}],"collection":[{"href":"https:\/\/www.evamarcuschamer.com\/es\/wp-json\/wp\/v2\/posts"}],"about":[{"href":"https:\/\/www.evamarcuschamer.com\/es\/wp-json\/wp\/v2\/types\/post"}],"author":[{"embeddable":true,"href":"https:\/\/www.evamarcuschamer.com\/es\/wp-json\/wp\/v2\/users\/1"}],"replies":[{"embeddable":true,"href":"https:\/\/www.evamarcuschamer.com\/es\/wp-json\/wp\/v2\/comments?post=563"}],"version-history":[{"count":1,"href":"https:\/\/www.evamarcuschamer.com\/es\/wp-json\/wp\/v2\/posts\/563\/revisions"}],"predecessor-version":[{"id":564,"href":"https:\/\/www.evamarcuschamer.com\/es\/wp-json\/wp\/v2\/posts\/563\/revisions\/564"}],"wp:attachment":[{"href":"https:\/\/www.evamarcuschamer.com\/es\/wp-json\/wp\/v2\/media?parent=563"}],"wp:term":[{"taxonomy":"category","embeddable":true,"href":"https:\/\/www.evamarcuschamer.com\/es\/wp-json\/wp\/v2\/categories?post=563"},{"taxonomy":"post_tag","embeddable":true,"href":"https:\/\/www.evamarcuschamer.com\/es\/wp-json\/wp\/v2\/tags?post=563"}],"curies":[{"name":"wp","href":"https:\/\/api.w.org\/{rel}","templated":true}]}}