{"id":565,"date":"2016-05-23T07:27:19","date_gmt":"2016-05-23T07:27:19","guid":{"rendered":"http:\/\/evamarcuschamer.wsisites.net\/?p=565"},"modified":"2018-06-13T07:28:06","modified_gmt":"2018-06-13T07:28:06","slug":"seguimos-con-el-tema-de-elegir","status":"publish","type":"post","link":"https:\/\/www.evamarcuschamer.com\/es\/seguimos-con-el-tema-de-elegir\/","title":{"rendered":"Seguimos con el tema de elegir\u2026"},"content":{"rendered":"<p>Para elegir una ocupaci\u00f3n, el adolescente necesita, no s\u00f3lo de elaborar el duelo, sino poder proyectar su futuro. Y para esta dif\u00edcil tarea se requiere de funciones yoicas que le permitan integrar la parte personal y el contexto social en el que vive. Necesita un Yo que sea capaz de:<br \/>\nA) aceptar la realidad;<br \/>\nB) tolerar el dolor;<br \/>\nC) hacerse responsable de las emociones, muchas veces, contradictorias hacia las personas que son significativas para el (amor\/odio)<br \/>\nD) realizar conductas en la fantas\u00eda (en la mente) que intentan reconstruir esos objetos que fueron da\u00f1ados.<\/p>\n","protected":false},"excerpt":{"rendered":"<p>Para elegir una ocupaci\u00f3n, el adolescente necesita, no s\u00f3lo de elaborar el duelo, sino poder proyectar su futuro. Y para esta dif\u00edcil tarea se requiere de funciones yoicas que le permitan integrar la parte personal y el contexto social en el que vive. Necesita un Yo que sea capaz de: A) aceptar la realidad; B) [&hellip;]<\/p>\n","protected":false},"author":1,"featured_media":0,"comment_status":"open","ping_status":"closed","sticky":false,"template":"","format":"standard","meta":{"_acf_changed":false,"_glsr_average":0,"_glsr_ranking":0,"_glsr_reviews":0,"footnotes":""},"categories":[11],"tags":[],"class_list":{"0":"post-565","1":"post","2":"type-post","3":"status-publish","4":"format-standard","6":"category-blog-es","7":"entry"},"acf":[],"_links":{"self":[{"href":"https:\/\/www.evamarcuschamer.com\/es\/wp-json\/wp\/v2\/posts\/565","targetHints":{"allow":["GET"]}}],"collection":[{"href":"https:\/\/www.evamarcuschamer.com\/es\/wp-json\/wp\/v2\/posts"}],"about":[{"href":"https:\/\/www.evamarcuschamer.com\/es\/wp-json\/wp\/v2\/types\/post"}],"author":[{"embeddable":true,"href":"https:\/\/www.evamarcuschamer.com\/es\/wp-json\/wp\/v2\/users\/1"}],"replies":[{"embeddable":true,"href":"https:\/\/www.evamarcuschamer.com\/es\/wp-json\/wp\/v2\/comments?post=565"}],"version-history":[{"count":1,"href":"https:\/\/www.evamarcuschamer.com\/es\/wp-json\/wp\/v2\/posts\/565\/revisions"}],"predecessor-version":[{"id":566,"href":"https:\/\/www.evamarcuschamer.com\/es\/wp-json\/wp\/v2\/posts\/565\/revisions\/566"}],"wp:attachment":[{"href":"https:\/\/www.evamarcuschamer.com\/es\/wp-json\/wp\/v2\/media?parent=565"}],"wp:term":[{"taxonomy":"category","embeddable":true,"href":"https:\/\/www.evamarcuschamer.com\/es\/wp-json\/wp\/v2\/categories?post=565"},{"taxonomy":"post_tag","embeddable":true,"href":"https:\/\/www.evamarcuschamer.com\/es\/wp-json\/wp\/v2\/tags?post=565"}],"curies":[{"name":"wp","href":"https:\/\/api.w.org\/{rel}","templated":true}]}}