{"id":582,"date":"2016-02-05T07:38:01","date_gmt":"2016-02-05T07:38:01","guid":{"rendered":"http:\/\/evamarcuschamer.wsisites.net\/?p=582"},"modified":"2018-06-13T07:39:26","modified_gmt":"2018-06-13T07:39:26","slug":"la-gestacion-de-la-depresion","status":"publish","type":"post","link":"https:\/\/www.evamarcuschamer.com\/es\/la-gestacion-de-la-depresion\/","title":{"rendered":"La gestaci\u00f3n de la depresi\u00f3n\u2026"},"content":{"rendered":"<p>La depresi\u00f3n y el vac\u00edo son estados mentales que se gestan en la primera infancia y pueden ser consecuencia de tener una madre rechazante. La vivencia de rechazo por el objeto de amor principal lleva al ni\u00f1o a tener dificultades para expresar su agresion o su enojo. Es la p\u00e9rdida de la bondad la que origina la depresi\u00f3n y la p\u00e9rdida de la individualidad da origen al sentimiento de futilidad. (Fairbairn)<\/p>\n","protected":false},"excerpt":{"rendered":"<p>La depresi\u00f3n y el vac\u00edo son estados mentales que se gestan en la primera infancia y pueden ser consecuencia de tener una madre rechazante. La vivencia de rechazo por el objeto de amor principal lleva al ni\u00f1o a tener dificultades para expresar su agresion o su enojo. Es la p\u00e9rdida de la bondad la que [&hellip;]<\/p>\n","protected":false},"author":1,"featured_media":0,"comment_status":"open","ping_status":"closed","sticky":false,"template":"","format":"standard","meta":{"_acf_changed":false,"_glsr_average":0,"_glsr_ranking":0,"_glsr_reviews":0,"footnotes":""},"categories":[11],"tags":[],"class_list":{"0":"post-582","1":"post","2":"type-post","3":"status-publish","4":"format-standard","6":"category-blog-es","7":"entry"},"acf":[],"_links":{"self":[{"href":"https:\/\/www.evamarcuschamer.com\/es\/wp-json\/wp\/v2\/posts\/582","targetHints":{"allow":["GET"]}}],"collection":[{"href":"https:\/\/www.evamarcuschamer.com\/es\/wp-json\/wp\/v2\/posts"}],"about":[{"href":"https:\/\/www.evamarcuschamer.com\/es\/wp-json\/wp\/v2\/types\/post"}],"author":[{"embeddable":true,"href":"https:\/\/www.evamarcuschamer.com\/es\/wp-json\/wp\/v2\/users\/1"}],"replies":[{"embeddable":true,"href":"https:\/\/www.evamarcuschamer.com\/es\/wp-json\/wp\/v2\/comments?post=582"}],"version-history":[{"count":1,"href":"https:\/\/www.evamarcuschamer.com\/es\/wp-json\/wp\/v2\/posts\/582\/revisions"}],"predecessor-version":[{"id":583,"href":"https:\/\/www.evamarcuschamer.com\/es\/wp-json\/wp\/v2\/posts\/582\/revisions\/583"}],"wp:attachment":[{"href":"https:\/\/www.evamarcuschamer.com\/es\/wp-json\/wp\/v2\/media?parent=582"}],"wp:term":[{"taxonomy":"category","embeddable":true,"href":"https:\/\/www.evamarcuschamer.com\/es\/wp-json\/wp\/v2\/categories?post=582"},{"taxonomy":"post_tag","embeddable":true,"href":"https:\/\/www.evamarcuschamer.com\/es\/wp-json\/wp\/v2\/tags?post=582"}],"curies":[{"name":"wp","href":"https:\/\/api.w.org\/{rel}","templated":true}]}}